{"id":5031,"date":"2015-04-02T10:21:14","date_gmt":"2015-04-02T10:21:14","guid":{"rendered":"http:\/\/chestnut.fr\/?p=5031"},"modified":"2015-05-28T14:24:25","modified_gmt":"2015-05-28T14:24:25","slug":"stage-dete-de-danse-historique-du-9-au-14-aout-2015","status":"publish","type":"post","link":"https:\/\/chestnut.ovh\/en\/stage-dete-de-danse-historique-du-9-au-14-aout-2015\/","title":{"rendered":"Stage d&#8217;\u00e9t\u00e9 de danse historique du 9 au 14 a\u00f4ut 2015"},"content":{"rendered":"<p><strong>par les compagnies Chestnut et Fantaisies Baroques\u00a0<\/strong><\/p>\n<p style=\"text-align: justify;\"><a href=\"http:\/\/chestnut.fr\/wp-content\/uploads\/2015\/03\/DSC_6188.png\"><img loading=\"lazy\" decoding=\"async\" class=\" size-medium wp-image-5000 alignleft\" src=\"http:\/\/chestnut.fr\/wp-content\/uploads\/2015\/03\/DSC_6188-166x300.png\" alt=\"DSC_6188\" width=\"166\" height=\"300\" srcset=\"https:\/\/chestnut.ovh\/wp-content\/uploads\/2015\/03\/DSC_6188-166x300.png 166w, https:\/\/chestnut.ovh\/wp-content\/uploads\/2015\/03\/DSC_6188-100x181.png 100w, https:\/\/chestnut.ovh\/wp-content\/uploads\/2015\/03\/DSC_6188-566x1024.png 566w, https:\/\/chestnut.ovh\/wp-content\/uploads\/2015\/03\/DSC_6188-600x1085.png 600w, https:\/\/chestnut.ovh\/wp-content\/uploads\/2015\/03\/DSC_6188.png 1320w\" sizes=\"auto, (max-width: 166px) 100vw, 166px\" \/><\/a><b>Les compagnies Chestnut et Fantaisies Baroques<\/b> vous accueilleront <b>du 9 au 14 ao\u00fbt 2015<\/b> pour un <b>stage de danse historique<\/b>\u00a0en Normandie.<\/p>\n<blockquote>\n<div style=\"text-align: left;\"><strong>1.\u00a0<\/strong><strong>Contenu du stage<\/strong><\/div>\n<div style=\"text-align: left;\"><strong>2. Planning<\/strong><\/div>\n<div style=\"text-align: left;\"><strong>3. Descriptif des ateliers<\/strong><\/div>\n<div style=\"text-align: left;\"><strong>4. Les soir\u00e9es<\/strong><\/div>\n<div style=\"text-align: left;\"><strong>5.\u00a0<\/strong><strong>Les intervenants<\/strong><\/div>\n<div style=\"text-align: left;\"><strong>6. Lieu du stage\u00a0<\/strong><\/div>\n<div style=\"text-align: left;\"><strong>7. Tarifs<\/strong><\/div>\n<div style=\"text-align: left;\"><strong>8. Acc\u00e8s<\/strong><\/div>\n<div style=\"text-align: left;\"><strong>9. Accueil<\/strong><\/div>\n<div style=\"text-align: left;\"><strong>10. Inscription<\/strong><\/div>\n<div style=\"text-align: left;\"><strong>\u00a0 \u00a0 \u00a0 \u00a0 \u00a0 \u00a0 \u00a0 \u00a0 \u00a0 \u00a0 \u00a0 \u00a0 \u00a011. Contact<\/strong><\/div>\n<\/blockquote>\n<div style=\"text-align: center;\"><\/div>\n<p><!--more--><\/p>\n<div>\n<hr \/>\n<\/div>\n<p style=\"text-align: center;\"><strong>Contenu du stage<\/strong><\/p>\n<hr \/>\n<p style=\"text-align: justify;\"><a href=\"http:\/\/chestnut.fr\/wp-content\/uploads\/2015\/03\/logo_100_transparent_vertchestnut-e1427966206678.png\"><img loading=\"lazy\" decoding=\"async\" class=\" wp-image-5041 size-full alignleft\" src=\"http:\/\/chestnut.fr\/wp-content\/uploads\/2015\/03\/logo_100_transparent_vertchestnut-e1427966206678.png\" alt=\"logo_100_transparent_vertchestnut\" width=\"200\" height=\"120\" srcset=\"https:\/\/chestnut.ovh\/wp-content\/uploads\/2015\/03\/logo_100_transparent_vertchestnut-e1427966206678.png 200w, https:\/\/chestnut.ovh\/wp-content\/uploads\/2015\/03\/logo_100_transparent_vertchestnut-e1427966206678-100x60.png 100w\" sizes=\"auto, (max-width: 200px) 100vw, 200px\" \/><\/a>3 disciplines et 3 formateurs vous permettront de composer vous-m\u00eames votre emploi du temps en fonction de vos go\u00fbts et de votre \u00e9nergie. Selon vos envies, vous pourrez vous concocter un programme intensif de danse (avec un maximum<strong><a href=\"http:\/\/www.fantaisiesbaroques.com\/Fantaisies_Baroques\/Accueil.html\"><img loading=\"lazy\" decoding=\"async\" class=\" wp-image-5045 size-full alignright\" src=\"http:\/\/chestnut.fr\/wp-content\/uploads\/2015\/03\/Logo-Fantaisies-Baroques-e1427966579391.png\" alt=\"Logo Fantaisies Baroques\" width=\"200\" height=\"137\" srcset=\"https:\/\/chestnut.ovh\/wp-content\/uploads\/2015\/03\/Logo-Fantaisies-Baroques-e1427966579391.png 200w, https:\/\/chestnut.ovh\/wp-content\/uploads\/2015\/03\/Logo-Fantaisies-Baroques-e1427966579391-100x69.png 100w\" sizes=\"auto, (max-width: 200px) 100vw, 200px\" \/><\/a><\/strong> de 7 heures de cours) ou alterner les moments d\u2019atelier avec des moments de d\u00e9tente ou de visite touristique dans les environs.\u00a0Chaque\u00a0journ\u00e9e commencera \u00e0 9h par un travail de pr\u00e9paration physique d&#8217;une demi-heure qui sera assur\u00e9 par les formateurs en alternance.<\/p>\n<hr \/>\n<p style=\"text-align: center;\"><strong>Planning du stage\u00a0<\/strong><\/p>\n<div style=\"text-align: center;\">\n<hr \/>\n<\/div>\n<div style=\"text-align: center;\"><\/div>\n<p style=\"text-align: left;\">\n<table id=\"wp-table-reloaded-id-17-no-1\" class=\"wp-table-reloaded wp-table-reloaded-id-17\">\n<thead>\n\t<tr class=\"row-1 odd\">\n\t\t<th class=\"column-1\">Horaires<\/th><th colspan=\"2\" class=\"column-2 colspan-2\">lundi<\/th><th colspan=\"2\" class=\"column-4 colspan-2\">mardi<\/th><th colspan=\"2\" class=\"column-6 colspan-2\">mercredi<\/th><th colspan=\"2\" class=\"column-8 colspan-2\">jeudi<\/th>\n\t<\/tr>\n<\/thead>\n<tbody class=\"row-hover\">\n\t<tr class=\"row-2 even\">\n\t\t<td class=\"column-1\">9h45 - 12h45 <\/td><td class=\"column-2\">Danses ancienne \u00e0 figures anglaise***<\/td><td class=\"column-3\">Danse baroque<\/td><td class=\"column-4\">Danses ancienne \u00e0 figures anglaise***<\/td><td class=\"column-5\">Danse baroque<\/td><td class=\"column-6\">Danses ancienne \u00e0 figures anglaise***<\/td><td class=\"column-7\">Danse baroque<\/td><td class=\"column-8\">Danses ancienne \u00e0 figures anglaise***<\/td><td class=\"column-9\">Danse baroque<\/td>\n\t<\/tr>\n\t<tr class=\"row-3 odd\">\n\t\t<td class=\"column-1\">13h<\/td><td colspan=\"2\" class=\"column-2 colspan-2\">Repas<\/td><td colspan=\"2\" class=\"column-4 colspan-2\">Repas<\/td><td colspan=\"2\" class=\"column-6 colspan-2\">Repas<\/td><td colspan=\"2\" class=\"column-8 colspan-2\">Repas<\/td>\n\t<\/tr>\n\t<tr class=\"row-4 even\">\n\t\t<td class=\"column-1\">14h30 - 16h30<\/td><td colspan=\"2\" class=\"column-2 colspan-2\">Danses ancienne \u00e0 figures anglaise*\/**<\/td><td colspan=\"2\" class=\"column-4 colspan-2\">Danse 1er Empire<\/td><td colspan=\"2\" class=\"column-6 colspan-2\">Danses ancienne \u00e0 figures anglaise*\/**<\/td><td colspan=\"2\" class=\"column-8 colspan-2\">Danse 1er Empire<\/td>\n\t<\/tr>\n\t<tr class=\"row-5 odd\">\n\t\t<td class=\"column-1\">17h - 19h<\/td><td colspan=\"2\" class=\"column-2 colspan-2\">Danse 1er Empire<\/td><td colspan=\"2\" class=\"column-4 colspan-2\">Danses ancienne \u00e0 figures anglaise*\/**<\/td><td colspan=\"2\" class=\"column-6 colspan-2\">Danse 1er Empire<\/td><td colspan=\"2\" class=\"column-8 colspan-2\">Danses ancienne \u00e0 figures anglaise*\/**<\/td>\n\t<\/tr>\n\t<tr class=\"row-6 even\">\n\t\t<td class=\"column-1\">19h15  <\/td><td colspan=\"2\" class=\"column-2 colspan-2\">Repas<\/td><td colspan=\"2\" class=\"column-4 colspan-2\">Repas<\/td><td colspan=\"2\" class=\"column-6 colspan-2\">Repas<\/td><td colspan=\"2\" class=\"column-8 colspan-2\">Repas<\/td>\n\t<\/tr>\n\t<tr class=\"row-7 odd\">\n\t\t<td class=\"column-1\">21h<\/td><td colspan=\"2\" class=\"column-2 colspan-2\">petit bal d'accueil<\/td><td colspan=\"2\" class=\"column-4 colspan-2\">projection de films et quizz-danses anciennes par \u00e9quipes<\/td><td colspan=\"2\" class=\"column-6 colspan-2\">proposition des stagiaires<\/td><td colspan=\"2\" class=\"column-8 colspan-2\">spectacle par Fantaisies Baroques suivi d'une animation-bal en costume avec pr\u00e9sentation des danses travaill\u00e9es en atelier. (N.B. : le costume n'est pas une obligation.)<\/td>\n\t<\/tr>\n<\/tbody>\n<\/table>\n\n<hr \/>\n<p style=\"text-align: center;\"><strong>Descriptif des ateliers<\/strong><\/p>\n<hr \/>\n<hr \/>\n<p style=\"text-align: center;\"><strong>Les Ateliers de Danses \u00e0 Figures Anglaises (DAFA)<\/strong><\/p>\n<div style=\"text-align: center;\"><strong>niveau : * d\u00e9butant \/ ** interm\u00e9diaire \/ *** avanc\u00e9<\/strong><\/div>\n<hr \/>\n<p style=\"text-align: justify;\"><span style=\"text-decoration: underline;\"><strong>L\u2019atelier du matin DAFA*** (<strong><strong>9h45-12h45<\/strong><\/strong>)<\/strong><\/span> : cet atelier s\u2019adresse a\u0300 des danseurs confirme\u0301s en danse a\u0300 figures anglaise de\u0301ja\u0300 familiarise\u0301s avec le vocabulaire constitutif de ce re\u0301pertoire et capables de<a href=\"http:\/\/chestnut.fr\/wp-content\/uploads\/2015\/03\/DSC_6054alpha.png\"><img loading=\"lazy\" decoding=\"async\" class=\" size-medium wp-image-5016 alignright\" src=\"http:\/\/chestnut.fr\/wp-content\/uploads\/2015\/03\/DSC_6054alpha-300x221.png\" alt=\"DSC_6054alpha\" width=\"300\" height=\"221\" srcset=\"https:\/\/chestnut.ovh\/wp-content\/uploads\/2015\/03\/DSC_6054alpha-300x221.png 300w, https:\/\/chestnut.ovh\/wp-content\/uploads\/2015\/03\/DSC_6054alpha-100x74.png 100w, https:\/\/chestnut.ovh\/wp-content\/uploads\/2015\/03\/DSC_6054alpha-1024x753.png 1024w, https:\/\/chestnut.ovh\/wp-content\/uploads\/2015\/03\/DSC_6054alpha-600x441.png 600w\" sizes=\"auto, (max-width: 300px) 100vw, 300px\" \/><\/a> me\u0301moriser des enchai\u0302nements longs et complexes. Savoir progresser dans un longways triple minor set est un autre pre\u0301requis. L\u2019atelier sera consacre\u0301 au re\u0301pertoire moderne et aux nouveaux chore\u0301graphes. 3 danses de Pat Shaw seront propose\u0301es : les deux premie\u0300res sont tire\u0301es du Quartet (Miss de Jersey Memorial et Mr Ganiford\u2019s Maggot) &#8211; Quite Carried away et \u00ab All the King\u2019s Horses \u00bb (Laye \/Purcell) comple\u0300teront cette se\u0301lection ambitieuse.<\/p>\n<p style=\"text-align: justify;\"><span style=\"text-decoration: underline;\"><strong>L\u2019atelier\u00a0<strong>de l\u2019apre\u0300s-midi\u00a0<\/strong>DAFA*\/**\u00a0<strong>(<strong><strong>en alternance 14h30-16h30 ou 17h-19h<\/strong><\/strong>)<\/strong><\/strong><\/span>\u00a0: cet atelier s\u2019adresse a\u0300 des danseurs ayant de\u0301ja\u0300 une expe\u0301rience en danse et de\u0301sireux de de\u0301couvrir la danse a\u0300 figures anglaise ou a\u0300 des danseurs initie\u0301s souhaitant e\u0301largir leur re\u0301pertoire et se pencher sur les proble\u0300mes que posent son re\u0301enseignement. Nous travaillerons <strong>\u00abThe Whirligig\u00bb (Playford 1651)<\/strong>. Chaque partie sera pre\u0301pare\u0301e par des exercices et des danses ciblant la figure en voie d\u2019inte\u0301gration : <strong>demi-huit<\/strong> (1er jour) \/ <strong>le huit, la chai\u0302ne et le reel<\/strong> (2e jour) \/ <strong>la double figure<\/strong> (3e jour). Le dernier jour sera consacre\u0301 a\u0300 la re\u0301vision de tout le re\u0301pertoire acquis.<\/p>\n<hr \/>\n<p style=\"text-align: center;\"><strong>Les ateliers de danse baroque (DB) et de danses du Premier Empire (DPE)<\/strong><\/p>\n<hr \/>\n<p style=\"text-align: justify;\"><strong><span style=\"text-decoration: underline;\">L\u2019atelier du matin (DB) (9h30-12h45)<\/span>\u00a0: <\/strong>cet atelier s&#8217;adresse aux danseurs d\u00e9sireux d&#8217;apprendre et\/ou de se perfectionner dans la technique de la danse baroque. Nous travaillerons sur les codes de la danse baroque en se basant sur le trait\u00e9 <em>Le Ma\u00eetre \u00e0 Danser,<\/em> de Pierre Rameau, 1725. Nous mettrons en pratique ces codes en d\u00e9chiffrant une chor\u00e9graphie du r\u00e9pertoire baroque\u00a0: <em>La Bavaroise<\/em>, du Sieur Dubreil, danse figur\u00e9e \u00e0 deux pour le bal et sa contredanse sous le m\u00eame nom, compos\u00e9es et \u00e9crites en Chor\u00e9graphie, 1718.<\/p>\n<p style=\"text-align: justify;\"><strong><span style=\"text-decoration: underline;\"><a href=\"http:\/\/chestnut.fr\/wp-content\/uploads\/2015\/03\/IMG_0677.png\"><img loading=\"lazy\" decoding=\"async\" class=\" size-medium wp-image-5014 alignleft\" src=\"http:\/\/chestnut.fr\/wp-content\/uploads\/2015\/03\/IMG_0677-161x300.png\" alt=\"IMG_0677\" width=\"161\" height=\"300\" srcset=\"https:\/\/chestnut.ovh\/wp-content\/uploads\/2015\/03\/IMG_0677-161x300.png 161w, https:\/\/chestnut.ovh\/wp-content\/uploads\/2015\/03\/IMG_0677-100x186.png 100w, https:\/\/chestnut.ovh\/wp-content\/uploads\/2015\/03\/IMG_0677-550x1024.png 550w, https:\/\/chestnut.ovh\/wp-content\/uploads\/2015\/03\/IMG_0677-600x1116.png 600w, https:\/\/chestnut.ovh\/wp-content\/uploads\/2015\/03\/IMG_0677.png 969w\" sizes=\"auto, (max-width: 161px) 100vw, 161px\" \/><\/a>L\u2019atelier de l\u2019apr\u00e8s-midi (DPE)\u00a0<strong>(en alternance 14h30-16h30 et 17h-19h)<\/strong><\/span>\u00a0:\u00a0<\/strong>cet atelier s\u2019adresse \u00e0 des danseurs souhaitant se familiariser \u00e0 la technique\u00a0de la danse de bal sous le Premier Empire, en travaillant sur les \u00ab\u00a0traits de contredanse\u00a0\u00bb des recueils du ma\u00eetre de danse Gourdoux-Daux.<\/p>\n<p style=\"text-align: justify;\">Cette esth\u00e9tique s&#8217;inspire de la technique de la danse de th\u00e9\u00e2tre. Nous proposons de danser <em>La Gavotine<\/em> qui s\u2019inspire de la <em>Gavotte de Vestris<\/em>, du Dance Book T.B. 1826.<\/p>\n<div>\n<hr \/>\n<\/div>\n<p style=\"text-align: center;\"><strong>Les soir\u00e9es\u00a0<\/strong><\/p>\n<hr \/>\n<p>Organis\u00e9es\u00a0autour de diff\u00e9rents th\u00e8mes, les soir\u00e9es permettront aux stagiaires et aux formateurs de partager des moments de convivialit\u00e9 :<\/p>\n<blockquote>\n<div style=\"text-align: left;\">lundi \u00a0: petit bal d&#8217;accueil<\/div>\n<div style=\"text-align: left;\">mardi \u00a0: projection de films et quizz-danses anciennes par\u00a0\u00e9quipes<\/div>\n<div style=\"text-align: left;\">mercredi : proposition des stagiaires<\/div>\n<div style=\"text-align: left;\">jeudi : spectacle par Fantaisies Baroques suivi d&#8217;une\u00a0animation-bal en costume avec pr\u00e9sentation des danses travaill\u00e9es en atelier. (N.B.\u00a0: le costume n&#8217;est pas une obligation.)<\/div>\n<div style=\"text-align: left;\"><\/div>\n<\/blockquote>\n<hr \/>\n<blockquote>\n<p style=\"text-align: center;\"><strong>Les intervenants<\/strong><\/p>\n<\/blockquote>\n<hr \/>\n<div id=\"attachment_4963\" style=\"width: 110px\"  class=\"wp-caption alignleft\"><a href=\"http:\/\/chestnut.fr\/wp-content\/uploads\/2015\/03\/IMG_0546-e1427968150597.jpg\"><img loading=\"lazy\" decoding=\"async\" class=\"wp-image-4963 size-full\" src=\"http:\/\/chestnut.fr\/wp-content\/uploads\/2015\/03\/IMG_0546-e1427968150597.jpg\" alt=\"IMG_0546\" width=\"100\" height=\"191\" \/><\/a><p class=\"wp-caption-text\">C\u00e9cile LAYE<\/p><\/div>\n<p style=\"text-align: justify;\"><span style=\"text-decoration: underline;\"><strong>Ce\u0301cile Laye<\/strong><\/span> e\u0301tudie la danse ancienne en Angleterre avec la Dolmetsch Historical Danse Society, Nonsuch History and Dance et la EFDSS (English folk Dance and Song Society). Elle a en particulier l\u2019occasion de travailler sous la direction de pe\u0301dagogues ou de chercheurs renomme\u0301s tels que Anne Daye, Anne Cottis, Peggy Dixon, Ethyl Anderson, Marjorie Fennessy, Tom Cook et Alan Davies. En France, elle e\u0301tudie avec Francine Lancelot, Andre\u0301a Francalancci et Barbara Sparti. En 1998, Ce\u0301cile LAYE fonde la compagnie CHESTNUT pour faire connai\u0302tre le re\u0301pertoire des danses a\u0300 figures de l\u2019e\u0301poque des Stuarts et de l\u2019he\u0301ritage anglais en rapport avec certains aspects de l\u2019histoire et de la litte\u0301rature et en collaboration avec des musiciens, des danseurs, descome\u0301diens, des chanteurs, des cavaliers, des escrimeurs. Elle s\u2019est aussi forme\u0301e a\u0300 la come\u0301die et a\u0300 la mise en sce\u0300ne au Cours Florent dont elle est diplo\u0302me\u0301e.<\/p>\n<div id=\"attachment_4964\" style=\"width: 110px\"  class=\"wp-caption alignright\"><a href=\"http:\/\/chestnut.fr\/wp-content\/uploads\/2015\/03\/portrait-Ir\u00e8ne-redim-e1427968281255.jpg\"><img loading=\"lazy\" decoding=\"async\" class=\"wp-image-4964 size-full\" src=\"http:\/\/chestnut.fr\/wp-content\/uploads\/2015\/03\/portrait-Ir\u00e8ne-redim-e1427968281255.jpg\" alt=\"Ir\u00e8ne Feste\" width=\"100\" height=\"157\" \/><\/a><p class=\"wp-caption-text\">Ir\u00e8ne FESTE<\/p><\/div>\n<p>Titulaire du DE de danse classique, <a href=\"http:\/\/www.fantaisiesbaroques.com\/Fantaisies_Baroques\/Accueil.html\"><span style=\"text-decoration: underline;\"><strong>Ire\u0300ne\u00a0Feste<\/strong><\/span><\/a> se forme ensuite a\u0300 la \u00ab Belle\u00a0Dance \u00bb au sein de la compagnie\u00a0L\u2019Eclat des Muses dirige\u0301e par Christine\u00a0Bayle. En 2007, elle fonde la\u00a0compagnie <a href=\"http:\/\/www.fantaisiesbaroques.com\/Fantaisies_Baroques\/Accueil.html\">Fantaisies Baroques<\/a> avec Pierre-Franc\u0327ois Dolle\u0301. Tous les\u00a0deux conc\u0327oivent de nombreux\u00a0spectacles de danse-the\u0301a\u0302tre et\u00a0interviennent dans le cadre de\u00a0diffe\u0301rents conservatoires et en milieu\u00a0scolaire. Ire\u0300ne Feste s\u2019est plus particulie\u0300rement spe\u0301cialise\u0301e dans la danse baroque et celle du Premier Empire qui constituent ses deux principaux axes de recherche. Elle danse re\u0301gulie\u0300rement avec la compagnie Divertimenty.<\/p>\n<div><\/div>\n<div id=\"attachment_4967\" style=\"width: 110px\"  class=\"wp-caption alignleft\"><a href=\"http:\/\/chestnut.fr\/wp-content\/uploads\/2015\/03\/portrait-Pierre-Fran\u00e7ois-redim.jpg\"><img loading=\"lazy\" decoding=\"async\" class=\"wp-image-4967 size-full\" src=\"http:\/\/chestnut.fr\/wp-content\/uploads\/2015\/03\/portrait-Pierre-Fran\u00e7ois-redim-e1427968821458.jpg\" alt=\"Pierre-Fran\u00e7ois Doll\u00e9\" width=\"100\" height=\"122\" \/><\/a><p class=\"wp-caption-text\">Pierre-Fran\u00e7ois DOLL\u00c9<\/p><\/div>\n<p style=\"text-align: justify;\">Apre\u0300s une formation pluridisciplinaire a\u0300 l\u2019acade\u0301mie de Cologne, <a href=\"http:\/\/www.fantaisiesbaroques.com\/Fantaisies_Baroques\/Accueil.html\"><span style=\"text-decoration: underline;\"><strong>Pierre- Franc\u0327ois Dolle\u0301<\/strong><\/span><\/a> danse des re\u0301pertoires tre\u0300s contraste\u0301s au sein de diffe\u0301rentes compagnies qui l\u2019ame\u0300nent a\u0300 travaille entre autre, en Allemagne et en Angleterre. De retour en France, ilobtient son DE de professeur de danse et croise lui aussi le chemin de Christine Bayle avec laquelle il va cre\u0301er de nombreux ballets. Il danse e\u0301galement pour la compagnie de l\u2019Eventail. Dans des styles divers, il a e\u0301galement une activite\u0301 soutenue de chore\u0301graphe.<\/p>\n<hr \/>\n<p style=\"text-align: center;\"><strong>Lieu du stage<\/strong><\/p>\n<hr \/>\n<p style=\"text-align: justify;\">Centre de r\u00e9sidence artistique,\u00a0<strong><a href=\"http:\/\/tapis.vert.pagesperso-orange.fr\/tapis.vert\/index.html\">Le Tapis Vert<\/a><\/strong>, blotti dans un vaste domaine situ\u00e9 dans le\u00a0parc<span class=\"Apple-converted-space\">\u00a0 <\/span>Normandie-Maine, propose dans un seul lieu plusieurs possibilit\u00e9s d\u2019h\u00e9bergement, de la pension de famille au camping en passant par le g\u00eete rural. Sur place \u00e9galement, deux superbes salles d\u2019activit\u00e9 et un chapiteau contribuent \u00e0 offrir un environnement de qualit\u00e9 aux stagiaires.<\/p>\n<p>\u00a0 \u00a0 \u00a0 \u00a0 \u00a0 \u00a0 \u00a0 \u00a0 \u00a0<a href=\"http:\/\/chestnut.fr\/wp-content\/uploads\/2015\/03\/TheatreTapis-vert-04.jpg\"><img loading=\"lazy\" decoding=\"async\" class=\"alignnone wp-image-4959 size-full\" src=\"http:\/\/chestnut.fr\/wp-content\/uploads\/2015\/03\/TheatreTapis-vert-04-e1427916852130.jpg\" alt=\"TheatreTapis vert 04\" width=\"150\" height=\"105\" srcset=\"https:\/\/chestnut.ovh\/wp-content\/uploads\/2015\/03\/TheatreTapis-vert-04-e1427916852130.jpg 150w, https:\/\/chestnut.ovh\/wp-content\/uploads\/2015\/03\/TheatreTapis-vert-04-e1427916852130-100x70.jpg 100w\" sizes=\"auto, (max-width: 150px) 100vw, 150px\" \/><\/a>\u00a0<a href=\"http:\/\/chestnut.fr\/wp-content\/uploads\/2015\/03\/image003.jpg\"><img loading=\"lazy\" decoding=\"async\" class=\"alignnone wp-image-4960 size-full\" src=\"http:\/\/chestnut.fr\/wp-content\/uploads\/2015\/03\/image003-e1427916751549.jpg\" alt=\"image003\" width=\"150\" height=\"113\" srcset=\"https:\/\/chestnut.ovh\/wp-content\/uploads\/2015\/03\/image003-e1427916751549.jpg 150w, https:\/\/chestnut.ovh\/wp-content\/uploads\/2015\/03\/image003-e1427916751549-100x75.jpg 100w\" sizes=\"auto, (max-width: 150px) 100vw, 150px\" \/><\/a>\u00a0<a href=\"http:\/\/chestnut.fr\/wp-content\/uploads\/2015\/03\/Chap-int.jpg\"><img loading=\"lazy\" decoding=\"async\" class=\"alignnone wp-image-4961 size-full\" src=\"http:\/\/chestnut.fr\/wp-content\/uploads\/2015\/03\/Chap-int-e1427916872892.jpg\" alt=\"Chap-int\" width=\"150\" height=\"113\" srcset=\"https:\/\/chestnut.ovh\/wp-content\/uploads\/2015\/03\/Chap-int-e1427916872892.jpg 150w, https:\/\/chestnut.ovh\/wp-content\/uploads\/2015\/03\/Chap-int-e1427916872892-100x75.jpg 100w\" sizes=\"auto, (max-width: 150px) 100vw, 150px\" \/><\/a><\/p>\n<hr \/>\n<p style=\"text-align: center;\"><strong>Tarifs<\/strong><\/p>\n<hr \/>\n<p><strong><span style=\"text-decoration: underline;\">Frais p\u00e9dagogiques<\/span>\u00a0:\u00a0<\/strong>1 cours\u00a0: 125\u20ac\/pers. \u00a0\/ 2 cours\u00a0: 180\u20ac\/pers. \u00a0\/ 3 cours\u00a0:\u00a0235\u20ac\/pers.<\/p>\n<p><strong><span style=\"text-decoration: underline;\">Frais d&#8217;h\u00e9bergement et repas<\/span> : \u00a0<\/strong><\/p>\n<pre><em><strong>N.B.<\/strong> : avant de comple\u0301ter votre inscription, \r\nveuillez vous renseigner au 01 45 70 83 94 sur la disponibilite\u0301 des diffe\u0301rents types d\u2019he\u0301bergement.<\/em><\/pre>\n\n<table id=\"wp-table-reloaded-id-16-no-1\" class=\"wp-table-reloaded wp-table-reloaded-id-16\">\n<thead>\n\t<tr class=\"row-1 odd\">\n\t\t<th class=\"column-1\">Les prix s'entendent par personne <\/th><th class=\"column-2\">Chambre individuelle<\/th><th class=\"column-3\">Chambre a\u0300 2 lits simples <\/th><th class=\"column-4\">chambre a\u0300 1 lit double <\/th><th class=\"column-5\">Chambre collective<\/th><th class=\"column-6\">Camping<\/th>\n\t<\/tr>\n<\/thead>\n<tbody>\n\t<tr class=\"row-2 even\">\n\t\t<td class=\"column-1\">Pension comple\u0300te<\/td><td class=\"column-2\">238 \u20ac\/ pers. <\/td><td class=\"column-3\">196 \u20ac\/ pers.<\/td><td class=\"column-4\">186 \u20ac\/ pers. <\/td><td class=\"column-5\">178 \u20ac\/ pers. <\/td><td class=\"column-6\">158 \u20ac\/ pers. <\/td>\n\t<\/tr>\n\t<tr class=\"row-3 odd\">\n\t\t<td class=\"column-1\">Demi- pension<\/td><td class=\"column-2\">174 \u20ac\/ pers. <\/td><td class=\"column-3\">132 \u20ac\/ pers. <\/td><td class=\"column-4\">130 \u20ac\/ pers. <\/td><td class=\"column-5\">114 \u20ac\/ pers. <\/td><td class=\"column-6\">94 \u20ac\/ pers. <\/td>\n\t<\/tr>\n\t<tr class=\"row-4 even\">\n\t\t<td class=\"column-1\">Nuite\u0301es seules*<\/td><td class=\"column-2\">110 \u20ac\/ pers. <\/td><td class=\"column-3\">68 \u20ac\/ pers.<\/td><td class=\"column-4\">65 \u20ac\/ pers. <\/td><td class=\"column-5\">50 \u20ac\/ pers. <\/td><td class=\"column-6\">30 \u20ac\/ pers. <\/td>\n\t<\/tr>\n\t<tr class=\"row-5 odd\">\n\t\t<td colspan=\"6\" class=\"column-1 colspan-6\">*possibilite\u0301 de cuisiner : nous consulter<\/td>\n\t<\/tr>\n<\/tbody>\n<\/table>\n\n<hr \/>\n<p style=\"text-align: center;\"><strong>Acc\u00e8s\u00a0<\/strong><\/p>\n<hr \/>\n<p><strong>Se rendre au Tapis Vert<\/strong><\/p>\n<ol>\n<li><span style=\"text-decoration: underline;\"><strong>en voiture<\/strong><\/span><\/li>\n<\/ol>\n<p style=\"text-align: justify;\">Le Tapis vert se trouve \u00e0 200km de Paris et 130 km de Rennes.<\/p>\n<ol start=\"2\">\n<li><span style=\"text-decoration: underline;\"><strong>en train<\/strong><\/span><\/li>\n<\/ol>\n<p style=\"text-align: justify;\">Votre destination est la gare d\u2019Alen\u00e7on. Depuis Paris Montparnasse-Vaugirard en passant par Surdos ou en TGV via le Mans, puis co-voiturage depuis la gare d\u2019Alen\u00e7on.<\/p>\n<hr \/>\n<p style=\"text-align: center;\"><strong>Accueil\u00a0<\/strong><\/p>\n<hr \/>\n<p><strong>L\u2019accueil des stagiaires se fera le dimanche 9 ao\u00fbt \u00e0 partir de 17h. Le d\u00e9part aura lieu\u00a0le vendredi 14 ao\u00fbt apr\u00e8s le petit d\u00e9jeuner.<\/strong><\/p>\n<hr \/>\n<div style=\"text-align: center;\">\n<p><strong><strong><strong>Inscription\u00a0<\/strong><\/strong><\/strong><\/p>\n<hr \/>\n<\/div>\n<pre><em><strong>N.B.<\/strong> : avant de comple\u0301ter votre inscription, \r\nveuillez vous renseigner au 01 45 70 83 94 sur la disponibilite\u0301 des diffe\u0301rents types d\u2019he\u0301bergement.\r\n\r\nFiche\u00a0d'inscription disponible\u00a0<span style=\"background-color: #99cc00;\"><a style=\"background-color: #99cc00;\" href=\"http:\/\/chestnut.fr\/wp-content\/uploads\/2015\/04\/bulletin-dinscription.pdf\">ici<\/a><\/span><\/em><\/pre>\n<hr \/>\n<p style=\"text-align: center;\">Contact &#8211; Renseignements<\/p>\n<hr \/>\n<p style=\"text-align: center;\">contact@chestnut.fr ou 01 45 70 83 94<\/p>\n","protected":false},"excerpt":{"rendered":"<p>par les compagnies Chestnut et Fantaisies Baroques\u00a0 Les compagnies Chestnut et Fantaisies Baroques vous accueilleront du 9 au 14 ao\u00fbt 2015 pour un stage de danse historique\u00a0en Normandie. 1.\u00a0Contenu du stage 2. Planning 3. Descriptif des ateliers 4. Les soir\u00e9es 5.\u00a0Les intervenants 6. Lieu du stage\u00a0 7. Tarifs 8. Acc\u00e8s 9. Accueil 10. Inscription \u00a0 [&hellip;]<\/p>\n","protected":false},"author":8,"featured_media":0,"comment_status":"closed","ping_status":"closed","sticky":false,"template":"","format":"standard","meta":{"_monsterinsights_skip_tracking":false,"_monsterinsights_sitenote_active":false,"_monsterinsights_sitenote_note":"","_monsterinsights_sitenote_category":0,"footnotes":""},"categories":[11,1],"tags":[],"class_list":["post-5031","post","type-post","status-publish","format-standard","hentry","category-stages","category-non-classe"],"yoast_head":"<!-- This site is optimized with the Yoast SEO plugin v19.6.1 - https:\/\/yoast.com\/wordpress\/plugins\/seo\/ -->\n<title>Stage d&#039;\u00e9t\u00e9 de danse historique du 9 au 14 a\u00f4ut 2015 - Chestnut<\/title>\n<meta name=\"robots\" content=\"index, follow, max-snippet:-1, max-image-preview:large, max-video-preview:-1\" \/>\n<link rel=\"canonical\" href=\"https:\/\/chestnut.ovh\/stage-dete-de-danse-historique-du-9-au-14-aout-2015\/\" \/>\n<meta name=\"twitter:label1\" content=\"Written by\" \/>\n\t<meta name=\"twitter:data1\" content=\"CHESTNUT\" \/>\n\t<meta name=\"twitter:label2\" content=\"Estimated reading time\" \/>\n\t<meta name=\"twitter:data2\" content=\"6 minutes\" \/>\n<script type=\"application\/ld+json\" class=\"yoast-schema-graph\">{\"@context\":\"https:\/\/schema.org\",\"@graph\":[{\"@type\":\"WebPage\",\"@id\":\"https:\/\/chestnut.ovh\/stage-dete-de-danse-historique-du-9-au-14-aout-2015\/\",\"url\":\"https:\/\/chestnut.ovh\/stage-dete-de-danse-historique-du-9-au-14-aout-2015\/\",\"name\":\"[:fr]Stage d'\u00e9t\u00e9 de danse historique du 9 au 14 a\u00f4ut 2015[:] - Chestnut\",\"isPartOf\":{\"@id\":\"https:\/\/chestnut.ovh\/#website\"},\"datePublished\":\"2015-04-02T10:21:14+00:00\",\"dateModified\":\"2015-05-28T14:24:25+00:00\",\"author\":{\"@id\":\"https:\/\/chestnut.ovh\/#\/schema\/person\/3815f39cd8e61cd1547e9cf2c7ee270a\"},\"breadcrumb\":{\"@id\":\"https:\/\/chestnut.ovh\/stage-dete-de-danse-historique-du-9-au-14-aout-2015\/#breadcrumb\"},\"inLanguage\":\"en-GB\",\"potentialAction\":[{\"@type\":\"ReadAction\",\"target\":[\"https:\/\/chestnut.ovh\/stage-dete-de-danse-historique-du-9-au-14-aout-2015\/\"]}]},{\"@type\":\"BreadcrumbList\",\"@id\":\"https:\/\/chestnut.ovh\/stage-dete-de-danse-historique-du-9-au-14-aout-2015\/#breadcrumb\",\"itemListElement\":[{\"@type\":\"ListItem\",\"position\":1,\"name\":\"Accueil\",\"item\":\"https:\/\/chestnut.ovh\/\"},{\"@type\":\"ListItem\",\"position\":2,\"name\":\"Stage d&rsquo;\u00e9t\u00e9 de danse historique du 9 au 14 a\u00f4ut 2015\"}]},{\"@type\":\"WebSite\",\"@id\":\"https:\/\/chestnut.ovh\/#website\",\"url\":\"https:\/\/chestnut.ovh\/\",\"name\":\"Chestnut\",\"description\":\"English Country Dancing & Danses anciennes de l&#039;\u00e9poque des Stuarts .... et des romans de Jane Austen !\",\"potentialAction\":[{\"@type\":\"SearchAction\",\"target\":{\"@type\":\"EntryPoint\",\"urlTemplate\":\"https:\/\/chestnut.ovh\/?s={search_term_string}\"},\"query-input\":\"required name=search_term_string\"}],\"inLanguage\":\"en-GB\"},{\"@type\":\"Person\",\"@id\":\"https:\/\/chestnut.ovh\/#\/schema\/person\/3815f39cd8e61cd1547e9cf2c7ee270a\",\"name\":\"CHESTNUT\",\"sameAs\":[\"http:\/\/chestnut.fr\"]}]}<\/script>\n<!-- \/ Yoast SEO plugin. -->","yoast_head_json":{"title":"Stage d'\u00e9t\u00e9 de danse historique du 9 au 14 a\u00f4ut 2015 - Chestnut","robots":{"index":"index","follow":"follow","max-snippet":"max-snippet:-1","max-image-preview":"max-image-preview:large","max-video-preview":"max-video-preview:-1"},"canonical":"https:\/\/chestnut.ovh\/stage-dete-de-danse-historique-du-9-au-14-aout-2015\/","twitter_misc":{"Written by":"CHESTNUT","Estimated reading time":"6 minutes"},"schema":{"@context":"https:\/\/schema.org","@graph":[{"@type":"WebPage","@id":"https:\/\/chestnut.ovh\/stage-dete-de-danse-historique-du-9-au-14-aout-2015\/","url":"https:\/\/chestnut.ovh\/stage-dete-de-danse-historique-du-9-au-14-aout-2015\/","name":"[:fr]Stage d'\u00e9t\u00e9 de danse historique du 9 au 14 a\u00f4ut 2015[:] - Chestnut","isPartOf":{"@id":"https:\/\/chestnut.ovh\/#website"},"datePublished":"2015-04-02T10:21:14+00:00","dateModified":"2015-05-28T14:24:25+00:00","author":{"@id":"https:\/\/chestnut.ovh\/#\/schema\/person\/3815f39cd8e61cd1547e9cf2c7ee270a"},"breadcrumb":{"@id":"https:\/\/chestnut.ovh\/stage-dete-de-danse-historique-du-9-au-14-aout-2015\/#breadcrumb"},"inLanguage":"en-GB","potentialAction":[{"@type":"ReadAction","target":["https:\/\/chestnut.ovh\/stage-dete-de-danse-historique-du-9-au-14-aout-2015\/"]}]},{"@type":"BreadcrumbList","@id":"https:\/\/chestnut.ovh\/stage-dete-de-danse-historique-du-9-au-14-aout-2015\/#breadcrumb","itemListElement":[{"@type":"ListItem","position":1,"name":"Accueil","item":"https:\/\/chestnut.ovh\/"},{"@type":"ListItem","position":2,"name":"Stage d&rsquo;\u00e9t\u00e9 de danse historique du 9 au 14 a\u00f4ut 2015"}]},{"@type":"WebSite","@id":"https:\/\/chestnut.ovh\/#website","url":"https:\/\/chestnut.ovh\/","name":"Chestnut","description":"English Country Dancing & Danses anciennes de l&#039;\u00e9poque des Stuarts .... et des romans de Jane Austen !","potentialAction":[{"@type":"SearchAction","target":{"@type":"EntryPoint","urlTemplate":"https:\/\/chestnut.ovh\/?s={search_term_string}"},"query-input":"required name=search_term_string"}],"inLanguage":"en-GB"},{"@type":"Person","@id":"https:\/\/chestnut.ovh\/#\/schema\/person\/3815f39cd8e61cd1547e9cf2c7ee270a","name":"CHESTNUT","sameAs":["http:\/\/chestnut.fr"]}]}},"_links":{"self":[{"href":"https:\/\/chestnut.ovh\/en\/wp-json\/wp\/v2\/posts\/5031","targetHints":{"allow":["GET"]}}],"collection":[{"href":"https:\/\/chestnut.ovh\/en\/wp-json\/wp\/v2\/posts"}],"about":[{"href":"https:\/\/chestnut.ovh\/en\/wp-json\/wp\/v2\/types\/post"}],"author":[{"embeddable":true,"href":"https:\/\/chestnut.ovh\/en\/wp-json\/wp\/v2\/users\/8"}],"replies":[{"embeddable":true,"href":"https:\/\/chestnut.ovh\/en\/wp-json\/wp\/v2\/comments?post=5031"}],"version-history":[{"count":25,"href":"https:\/\/chestnut.ovh\/en\/wp-json\/wp\/v2\/posts\/5031\/revisions"}],"predecessor-version":[{"id":5165,"href":"https:\/\/chestnut.ovh\/en\/wp-json\/wp\/v2\/posts\/5031\/revisions\/5165"}],"wp:attachment":[{"href":"https:\/\/chestnut.ovh\/en\/wp-json\/wp\/v2\/media?parent=5031"}],"wp:term":[{"taxonomy":"category","embeddable":true,"href":"https:\/\/chestnut.ovh\/en\/wp-json\/wp\/v2\/categories?post=5031"},{"taxonomy":"post_tag","embeddable":true,"href":"https:\/\/chestnut.ovh\/en\/wp-json\/wp\/v2\/tags?post=5031"}],"curies":[{"name":"wp","href":"https:\/\/api.w.org\/{rel}","templated":true}]}}