{"id":9296,"date":"2020-01-04T11:42:48","date_gmt":"2020-01-04T10:42:48","guid":{"rendered":"https:\/\/chestnut.fr\/?p=9296"},"modified":"2020-05-26T10:54:16","modified_gmt":"2020-05-26T09:54:16","slug":"stage-dete-de-danse-historique-6eme-edition","status":"publish","type":"post","link":"https:\/\/chestnut.ovh\/en\/stage-dete-de-danse-historique-6eme-edition\/","title":{"rendered":"6\u00e8me Stage d&#8217;\u00e9t\u00e9 de danse historique"},"content":{"rendered":"<p>&nbsp;<\/p>\n<p><span style=\"font-family: arial, helvetica, sans-serif;\"><a href=\"http:\/\/chestnut.fr\/wp-content\/uploads\/2015\/03\/DSC_6188.png\"><img loading=\"lazy\" decoding=\"async\" class=\" size-medium wp-image-5000 alignleft\" src=\"http:\/\/chestnut.fr\/wp-content\/uploads\/2015\/03\/DSC_6188-166x300.png\" alt=\"DSC_6188\" width=\"166\" height=\"300\" srcset=\"https:\/\/chestnut.ovh\/wp-content\/uploads\/2015\/03\/DSC_6188-166x300.png 166w, https:\/\/chestnut.ovh\/wp-content\/uploads\/2015\/03\/DSC_6188-100x181.png 100w, https:\/\/chestnut.ovh\/wp-content\/uploads\/2015\/03\/DSC_6188-566x1024.png 566w, https:\/\/chestnut.ovh\/wp-content\/uploads\/2015\/03\/DSC_6188-600x1085.png 600w, https:\/\/chestnut.ovh\/wp-content\/uploads\/2015\/03\/DSC_6188.png 1320w\" sizes=\"auto, (max-width: 166px) 100vw, 166px\" \/><\/a><b><a href=\"http:\/\/chestnut.fr\/wp-content\/uploads\/2015\/03\/logo_100_transparent_vertchestnut-e1427966206678.png\"><img loading=\"lazy\" decoding=\"async\" class=\" wp-image-5041 size-full alignleft\" src=\"http:\/\/chestnut.fr\/wp-content\/uploads\/2015\/03\/logo_100_transparent_vertchestnut-e1427966206678.png\" alt=\"logo_100_transparent_vertchestnut\" width=\"200\" height=\"120\" srcset=\"https:\/\/chestnut.ovh\/wp-content\/uploads\/2015\/03\/logo_100_transparent_vertchestnut-e1427966206678.png 200w, https:\/\/chestnut.ovh\/wp-content\/uploads\/2015\/03\/logo_100_transparent_vertchestnut-e1427966206678-100x60.png 100w\" sizes=\"auto, (max-width: 200px) 100vw, 200px\" \/><\/a><\/b><\/span><\/p>\n<p>&nbsp;<\/p>\n<p>&nbsp;<\/p>\n<p>&nbsp;<\/p>\n<p>&nbsp;<\/p>\n<p><span style=\"font-family: arial, helvetica, sans-serif;\"><b>Les compagnies Chestnut et Fantaisies Baroques<\/b> vous accueilleront <b>du <span style=\"text-decoration: underline;\">lundi<\/span>\u00a03 au samedi 8 ao\u00fbt 2020<\/b>\u00a0pour la 6\u00e8me \u00e9dition de leur\u00a0<b>stage d&#8217;\u00e9t\u00e9 de danse historique<\/b>\u00a0en Normandie. <strong><a href=\"http:\/\/www.fantaisiesbaroques.com\/Fantaisies_Baroques\/Accueil.html\"><img loading=\"lazy\" decoding=\"async\" class=\"wp-image-5045 size-full alignleft\" src=\"http:\/\/chestnut.fr\/wp-content\/uploads\/2015\/03\/Logo-Fantaisies-Baroques-e1427966579391.png\" alt=\"Logo Fantaisies Baroques\" width=\"200\" height=\"137\" srcset=\"https:\/\/chestnut.ovh\/wp-content\/uploads\/2015\/03\/Logo-Fantaisies-Baroques-e1427966579391.png 200w, https:\/\/chestnut.ovh\/wp-content\/uploads\/2015\/03\/Logo-Fantaisies-Baroques-e1427966579391-100x69.png 100w\" sizes=\"auto, (max-width: 200px) 100vw, 200px\" \/><\/a><\/strong><\/span><\/p>\n<p><span style=\"font-size: 14pt;\"><\/span><\/p>\n<p>&nbsp;<\/p>\n<p>&nbsp;<\/p>\n<p>&nbsp;<\/p>\n<p><span style=\"font-family: arial, helvetica, sans-serif; font-size: 12pt;\">Cette 6\u00e8me \u00e9dition comportera tous les avantages offerts par ce stage et qui en font le succ\u00e8s :<\/span><span style=\"font-family: arial, helvetica, sans-serif; font-size: 12pt;\"> <\/span><\/p>\n<p><span style=\"font-family: arial, helvetica, sans-serif; font-size: 12pt;\"><em>&#8211; 4 ateliers, 4 r\u00e9pertoires couvrant 5 si\u00e8cles de danse<\/em> <\/span><\/p>\n<p><span style=\"font-family: arial, helvetica, sans-serif; font-size: 12pt;\"><em>&#8211; la possibilit\u00e9 de constituer son programme avec 1, 2 ou 3 ateliers par jour<\/em> <\/span><\/p>\n<p><span style=\"font-family: arial, helvetica, sans-serif; font-size: 12pt;\"><em>&#8211; une pr\u00e9paration corporelle d&#8217;une demi-heure tous les matins<\/em> <\/span><\/p>\n<p><span style=\"font-family: arial, helvetica, sans-serif; font-size: 12pt;\"><em>&#8211; 2 belles salles parquet\u00e9es de 100 m2 chacune.<\/em> <\/span><\/p>\n<p><span style=\"font-family: arial, helvetica, sans-serif; font-size: 12pt;\"><em>&#8211; un lieu de stage situ\u00e9 en pleine nature et \u00e0 proximit\u00e9 de nombreux sites culturels<\/em> <\/span><\/p>\n<p><span style=\"font-family: arial, helvetica, sans-serif; font-size: 12pt;\"><em>&#8211; des propositions\u00a0vari\u00e9es d&#8217;h\u00e9bergement pour satisfaire toutes les bourses<\/em> <\/span><\/p>\n<p><em><span style=\"font-family: arial, helvetica, sans-serif; font-size: 12pt;\">&#8211; des soir\u00e9es conviviales<\/span><\/em><\/p>\n<p><span style=\"font-family: arial, helvetica, sans-serif; font-size: 12pt;\">Tous les d\u00e9tails (intervenants, contenu du stage, descriptif des ateliers, tarifs et bulletin d&#8217;inscription) seront tr\u00e8s prochainement disponibles sur ce site. <\/span><\/p>\n<p><span style=\"font-family: arial, helvetica, sans-serif;\"><!--more--><\/span><\/p>\n<blockquote>\n<div style=\"text-align: left;\"><span style=\"font-family: arial, helvetica, sans-serif;\"><strong>1. <\/strong><strong><a href=\"#vo\">Video<\/a><\/strong><\/span><\/div>\n<div style=\"text-align: left;\">\n<div style=\"text-align: left;\"><span style=\"font-family: arial, helvetica, sans-serif;\"><strong>2. <\/strong><strong><a href=\"#lieu\">Lieu du stage<\/a><\/strong><\/span><span style=\"font-family: arial, helvetica, sans-serif;\"><\/span><\/div>\n<div style=\"text-align: left;\"><span style=\"font-family: arial, helvetica, sans-serif;\"><strong>3. <\/strong><strong><a href=\"#ac\">Acc\u00e8s<\/a><\/strong><\/span><\/div>\n<div style=\"text-align: left;\"><span style=\"font-family: arial, helvetica, sans-serif;\"><strong>4. <\/strong><strong><a href=\"#cr\">Contact et renseignements<\/a><\/strong><\/span><span style=\"font-family: arial, helvetica, sans-serif;\"><\/span><\/div>\n<\/div>\n<\/blockquote>\n<div style=\"text-align: center;\"><\/div>\n<hr \/>\n<h3 id=\"vo\"><span style=\"font-family: arial, helvetica, sans-serif;\">VIDEO de pr\u00e9sentation du stage<\/span><\/h3>\n<hr \/>\n<div style=\"text-align: center;\"><iframe loading=\"lazy\" frameborder=\"0\" height=\"158\" src=\"https:\/\/www.youtube.com\/embed\/8-pszbjsC2Q\" width=\"280\" data-mce-fragment=\"1\"><\/iframe><\/div>\n<hr \/>\n<h3 id=\"lieu\"><span style=\"font-family: arial, helvetica, sans-serif;\">LIEU DU STAGE<\/span><\/h3>\n<hr \/>\n<p><span style=\"font-family: arial, helvetica, sans-serif;\">Centre de r\u00e9sidence artistique,\u00a0<strong><a href=\"http:\/\/tapis.vert.pagesperso-orange.fr\/tapis.vert\/index.html\">Le Tapis Vert<\/a><\/strong>, blotti dans un vaste domaine situ\u00e9 dans le\u00a0parc<span class=\"Apple-converted-space\">\u00a0 <\/span>Normandie-Maine, propose dans un seul lieu plusieurs possibilit\u00e9s d\u2019h\u00e9bergement, de la pension de famille au camping en passant par le g\u00eete rural. Sur place \u00e9galement, deux superbes salles d\u2019activit\u00e9 parquet\u00e9es et un chapiteau contribuent \u00e0 offrir un environnement adapt\u00e9 aux activit\u00e9s propos\u00e9es.<\/span><\/p>\n<p><span style=\"font-family: arial, helvetica, sans-serif;\"><a href=\"http:\/\/chestnut.fr\/wp-content\/uploads\/2015\/03\/TheatreTapis-vert-04.jpg\"><img loading=\"lazy\" decoding=\"async\" class=\"wp-image-4959 alignleft\" src=\"http:\/\/chestnut.fr\/wp-content\/uploads\/2015\/03\/TheatreTapis-vert-04-e1427916852130.jpg\" alt=\"TheatreTapis vert 04\" width=\"190\" height=\"133\" srcset=\"https:\/\/chestnut.ovh\/wp-content\/uploads\/2015\/03\/TheatreTapis-vert-04-e1427916852130.jpg 150w, https:\/\/chestnut.ovh\/wp-content\/uploads\/2015\/03\/TheatreTapis-vert-04-e1427916852130-100x70.jpg 100w\" sizes=\"auto, (max-width: 190px) 100vw, 190px\" \/><\/a><img loading=\"lazy\" decoding=\"async\" class=\"wp-image-4960 alignleft\" src=\"http:\/\/chestnut.fr\/wp-content\/uploads\/2015\/03\/image003-e1427916751549.jpg\" alt=\"image003\" width=\"190\" height=\"143\" srcset=\"https:\/\/chestnut.ovh\/wp-content\/uploads\/2015\/03\/image003-e1427916751549.jpg 150w, https:\/\/chestnut.ovh\/wp-content\/uploads\/2015\/03\/image003-e1427916751549-100x75.jpg 100w\" sizes=\"auto, (max-width: 190px) 100vw, 190px\" \/><a href=\"http:\/\/chestnut.fr\/wp-content\/uploads\/2015\/03\/Chap-int.jpg\"><img loading=\"lazy\" decoding=\"async\" class=\"wp-image-4961 alignleft\" src=\"http:\/\/chestnut.fr\/wp-content\/uploads\/2015\/03\/Chap-int-e1427916872892.jpg\" alt=\"Chap-int\" width=\"157\" height=\"118\" srcset=\"https:\/\/chestnut.ovh\/wp-content\/uploads\/2015\/03\/Chap-int-e1427916872892.jpg 150w, https:\/\/chestnut.ovh\/wp-content\/uploads\/2015\/03\/Chap-int-e1427916872892-100x75.jpg 100w\" sizes=\"auto, (max-width: 157px) 100vw, 157px\" \/><\/a>\u00a0<\/span><\/p>\n<div><\/div>\n<div><\/div>\n<div><\/div>\n<div><\/div>\n<p>&nbsp;<\/p>\n<p>&nbsp;<\/p>\n<p>&nbsp;<\/p>\n<p>&nbsp;<\/p>\n<p>&nbsp;<\/p>\n<hr \/>\n<p><strong><span style=\"font-family: arial, helvetica, sans-serif; font-size: 14pt;\">ACC\u00c8S<\/span><\/strong><\/p>\n<hr \/>\n<p><span style=\"font-family: arial, helvetica, sans-serif;\"><strong>Se rendre au Tapis Vert<\/strong><\/span><\/p>\n<ol>\n<li><span style=\"text-decoration: underline; font-family: arial, helvetica, sans-serif;\"><strong>en voiture<\/strong><\/span><\/li>\n<\/ol>\n<p><span style=\"font-family: arial, helvetica, sans-serif;\">Le Tapis vert se trouve \u00e0 200km de Paris et 130 km de Rennes.<\/span><\/p>\n<ol start=\"2\">\n<li><span style=\"text-decoration: underline; font-family: arial, helvetica, sans-serif;\"><strong>en train<\/strong><\/span><\/li>\n<\/ol>\n<p><span style=\"font-family: arial, helvetica, sans-serif;\">Votre destination est la gare d\u2019Alen\u00e7on. Depuis Paris Montparnasse-Vaugirard en passant par Surdon ou en TGV via le Mans, puis taxi ou co-voiturage<\/span><\/p>\n<p><span style=\"font-family: arial, helvetica, sans-serif;\">depuis la gare d\u2019Alen\u00e7on.<\/span><\/p>\n<p><span style=\"font-family: arial, helvetica, sans-serif;\"><strong><em><u>IMPORTANT<\/u> <\/em><\/strong><strong><em>pour les\u00a0stagiaires\u00a0arrivant par le train :\u00a0<\/em><\/strong><\/span><\/p>\n<p><span style=\"font-family: arial, helvetica, sans-serif;\"><strong><em>le\u00a0Tapis\u00a0Vert se situe \u00e0 une demi-heure en voiture de la gare d&#8217;Alen\u00e7on. Il faut\u00a0normalement\u00a0<\/em><\/strong><a href=\"https:\/\/www.pagesjaunes.fr\/annuaire\/chercherlespros?quoiqui=taxi&#038;ou=Alen%E7on&#038;idOu=L06100100&#038;contexte=IjaCPLuiZ5UQlvSu8yMyHgxISMRndNFsTX8Pg%2Byl0iE%3D&#038;proximite=0&#038;quoiQuiInterprete=taxi\"><strong><em>prendre un taxi<\/em><\/strong><\/a><strong><em>\u00a0pour s&#8217;y rendre. N\u00e9anmoins, nous essayons de coordonner, dans la mesure du possible, l&#8217;arriv\u00e9e des\u00a0stagiaires arrivant en voiture avec celle des stagiaires arrivant\u00a0en train afin que les\u00a0stagiaires arriv\u00e9s en train puissent b\u00e9n\u00e9ficier d&#8217;un co-voiturage group\u00e9. Nous essayons de proc\u00e9der de m\u00eame pour les d\u00e9parts le samedi.\u00a0\u00a0\u00a0<\/em><\/strong><\/span><\/p>\n<p><span style=\"font-family: arial, helvetica, sans-serif;\"><strong><em>Arriv\u00e9e le lundi :\u00a0<\/em><\/strong><\/span><\/p>\n<p><span style=\"font-family: arial, helvetica, sans-serif;\"><strong><em>Un co-voiturage group\u00e9 sera organis\u00e9 le lundi pour les stagiaires arriv\u00e9s par le train \u00e0 la gare d&#8217;Alen\u00e7on afin de les acheminer jusqu&#8217;au Tapis Vert. Merci de nous signaler si vous arriverez par ce train et sinon \u00e0 quelle heure votre arriv\u00e9e est pr\u00e9vue \u00e0 la gare d&#8217;Alen\u00e7on.<\/em><\/strong><\/span><\/p>\n<p><span style=\"font-family: arial, helvetica, sans-serif;\"><strong><em><span style=\"color: #ff0000;\">N.B. :\u00a0nous faisons en sorte\u00a0que le maximum de\u00a0stagiaires puissent \u00eatre\u00a0achemin\u00e9s\u00a0en co-voiturage group\u00e9\u00a0de la gare d&#8217;Alen\u00e7on au Tapis Vert le lundi en fin d&#8217;apr\u00e8s-midi.\u00a0N\u00e9anmoins, les stagiaires arrivant trop\u00a0tardivement\u00a0et isol\u00e9ment\u00a0devront pr\u00e9voir de\u00a0<\/span><\/em><\/strong><a href=\"https:\/\/www.pagesjaunes.fr\/annuaire\/chercherlespros?quoiqui=taxi&#038;ou=Alen%E7on&#038;idOu=L06100100&#038;contexte=IjaCPLuiZ5UQlvSu8yMyHgxISMRndNFsTX8Pg%2Byl0iE%3D&#038;proximite=0&#038;quoiQuiInterprete=taxi\"><strong><em>prendre un taxi<\/em><\/strong><\/a><strong><em>.\u00a0<\/em><\/strong><\/span><\/p>\n<p><span style=\"font-family: arial, helvetica, sans-serif;\"><strong>D\u00e9part samedi :<\/strong><\/span><\/p>\n<p><span style=\"font-family: arial, helvetica, sans-serif;\"><strong><em>Un co-voiturage jusqu&#8217;\u00e0 la gare d&#8217;Alen\u00e7on sera organis\u00e9 le samedi matin pour les stagiaires prenant le train.\u00a0<\/em><\/strong><\/span><\/p>\n<p><span style=\"font-family: arial, helvetica, sans-serif;\"><strong><em><span style=\"color: #ff0000;\">N.B. : nous faisons en sorte\u00a0que le maximum de\u00a0stagiaires puissent \u00eatre\u00a0achemin\u00e9s\u00a0en co-voiturage\u00a0\u00e0 la gare d&#8217;Alen\u00e7on\u00a0le samedi matin.\u00a0N\u00e9anmoins,\u00a0en cas de d\u00e9part trop\u00a0matinal ou isol\u00e9,\u00a0les stagiaires devront pr\u00e9voir de\u00a0<\/span><\/em><\/strong><a href=\"https:\/\/www.pagesjaunes.fr\/annuaire\/chercherlespros?quoiqui=taxi&#038;ou=Alen%E7on&#038;idOu=L06100100&#038;contexte=IjaCPLuiZ5UQlvSu8yMyHgxISMRndNFsTX8Pg%2Byl0iE%3D&#038;proximite=0&#038;quoiQuiInterprete=taxi\"><strong><em>prendre un taxi<\/em><\/strong><\/a><strong><em>.\u00a0<\/em><\/strong><\/span><\/p>\n<hr \/>\n<h3 id=\"cr\"><span style=\"font-family: arial, helvetica, sans-serif;\">CONTACT-RENSEIGNEMENTS<\/span><\/h3>\n<hr \/>\n<p><span style=\"font-family: arial, helvetica, sans-serif;\">contact@chestnut.fr ou 01 45 70 83 94<\/span><\/p>\n<hr \/>\n<p>&nbsp;<\/p>\n","protected":false},"excerpt":{"rendered":"<p>&nbsp; &nbsp; &nbsp; &nbsp; &nbsp; Les compagnies Chestnut et Fantaisies Baroques vous accueilleront du lundi\u00a03 au samedi 8 ao\u00fbt 2020\u00a0pour la 6\u00e8me \u00e9dition de leur\u00a0stage d&#8217;\u00e9t\u00e9 de danse historique\u00a0en Normandie. &nbsp; &nbsp; &nbsp; Cette 6\u00e8me \u00e9dition comportera tous les avantages offerts par ce stage et qui en font le succ\u00e8s : &#8211; 4 ateliers, 4 [&hellip;]<\/p>\n","protected":false},"author":8,"featured_media":0,"comment_status":"closed","ping_status":"closed","sticky":false,"template":"","format":"standard","meta":{"_monsterinsights_skip_tracking":false,"_monsterinsights_sitenote_active":false,"_monsterinsights_sitenote_note":"","_monsterinsights_sitenote_category":0,"footnotes":""},"categories":[1],"tags":[],"class_list":["post-9296","post","type-post","status-publish","format-standard","hentry","category-non-classe"],"yoast_head":"<!-- This site is optimized with the Yoast SEO plugin v19.6.1 - https:\/\/yoast.com\/wordpress\/plugins\/seo\/ -->\n<title>6\u00e8me Stage d&#039;\u00e9t\u00e9 de danse historique - Chestnut<\/title>\n<meta name=\"robots\" content=\"index, follow, max-snippet:-1, max-image-preview:large, max-video-preview:-1\" \/>\n<link rel=\"canonical\" href=\"https:\/\/chestnut.ovh\/stage-dete-de-danse-historique-6eme-edition\/\" \/>\n<meta name=\"twitter:label1\" content=\"Written by\" \/>\n\t<meta name=\"twitter:data1\" content=\"CHESTNUT\" \/>\n\t<meta name=\"twitter:label2\" content=\"Estimated reading time\" \/>\n\t<meta name=\"twitter:data2\" content=\"6 minutes\" \/>\n<script type=\"application\/ld+json\" class=\"yoast-schema-graph\">{\"@context\":\"https:\/\/schema.org\",\"@graph\":[{\"@type\":\"WebPage\",\"@id\":\"https:\/\/chestnut.ovh\/stage-dete-de-danse-historique-6eme-edition\/\",\"url\":\"https:\/\/chestnut.ovh\/stage-dete-de-danse-historique-6eme-edition\/\",\"name\":\"[:en]6\u00e8me Stage d'\u00e9t\u00e9 de danse historique[:fr]6\u00e8me Stage d&#039;\u00e9t\u00e9 de danse historique[:] - Chestnut\",\"isPartOf\":{\"@id\":\"https:\/\/chestnut.ovh\/#website\"},\"datePublished\":\"2020-01-04T10:42:48+00:00\",\"dateModified\":\"2020-05-26T09:54:16+00:00\",\"author\":{\"@id\":\"https:\/\/chestnut.ovh\/#\/schema\/person\/3815f39cd8e61cd1547e9cf2c7ee270a\"},\"breadcrumb\":{\"@id\":\"https:\/\/chestnut.ovh\/stage-dete-de-danse-historique-6eme-edition\/#breadcrumb\"},\"inLanguage\":\"en-GB\",\"potentialAction\":[{\"@type\":\"ReadAction\",\"target\":[\"https:\/\/chestnut.ovh\/stage-dete-de-danse-historique-6eme-edition\/\"]}]},{\"@type\":\"BreadcrumbList\",\"@id\":\"https:\/\/chestnut.ovh\/stage-dete-de-danse-historique-6eme-edition\/#breadcrumb\",\"itemListElement\":[{\"@type\":\"ListItem\",\"position\":1,\"name\":\"Accueil\",\"item\":\"https:\/\/chestnut.ovh\/\"},{\"@type\":\"ListItem\",\"position\":2,\"name\":\"6\u00e8me Stage d&#039;\u00e9t\u00e9 de danse historique\"}]},{\"@type\":\"WebSite\",\"@id\":\"https:\/\/chestnut.ovh\/#website\",\"url\":\"https:\/\/chestnut.ovh\/\",\"name\":\"Chestnut\",\"description\":\"English Country Dancing & Danses anciennes de l&#039;\u00e9poque des Stuarts .... et des romans de Jane Austen !\",\"potentialAction\":[{\"@type\":\"SearchAction\",\"target\":{\"@type\":\"EntryPoint\",\"urlTemplate\":\"https:\/\/chestnut.ovh\/?s={search_term_string}\"},\"query-input\":\"required name=search_term_string\"}],\"inLanguage\":\"en-GB\"},{\"@type\":\"Person\",\"@id\":\"https:\/\/chestnut.ovh\/#\/schema\/person\/3815f39cd8e61cd1547e9cf2c7ee270a\",\"name\":\"CHESTNUT\",\"sameAs\":[\"http:\/\/chestnut.fr\"]}]}<\/script>\n<!-- \/ Yoast SEO plugin. -->","yoast_head_json":{"title":"6\u00e8me Stage d'\u00e9t\u00e9 de danse historique - Chestnut","robots":{"index":"index","follow":"follow","max-snippet":"max-snippet:-1","max-image-preview":"max-image-preview:large","max-video-preview":"max-video-preview:-1"},"canonical":"https:\/\/chestnut.ovh\/stage-dete-de-danse-historique-6eme-edition\/","twitter_misc":{"Written by":"CHESTNUT","Estimated reading time":"6 minutes"},"schema":{"@context":"https:\/\/schema.org","@graph":[{"@type":"WebPage","@id":"https:\/\/chestnut.ovh\/stage-dete-de-danse-historique-6eme-edition\/","url":"https:\/\/chestnut.ovh\/stage-dete-de-danse-historique-6eme-edition\/","name":"[:en]6\u00e8me Stage d'\u00e9t\u00e9 de danse historique[:fr]6\u00e8me Stage d&#039;\u00e9t\u00e9 de danse historique[:] - Chestnut","isPartOf":{"@id":"https:\/\/chestnut.ovh\/#website"},"datePublished":"2020-01-04T10:42:48+00:00","dateModified":"2020-05-26T09:54:16+00:00","author":{"@id":"https:\/\/chestnut.ovh\/#\/schema\/person\/3815f39cd8e61cd1547e9cf2c7ee270a"},"breadcrumb":{"@id":"https:\/\/chestnut.ovh\/stage-dete-de-danse-historique-6eme-edition\/#breadcrumb"},"inLanguage":"en-GB","potentialAction":[{"@type":"ReadAction","target":["https:\/\/chestnut.ovh\/stage-dete-de-danse-historique-6eme-edition\/"]}]},{"@type":"BreadcrumbList","@id":"https:\/\/chestnut.ovh\/stage-dete-de-danse-historique-6eme-edition\/#breadcrumb","itemListElement":[{"@type":"ListItem","position":1,"name":"Accueil","item":"https:\/\/chestnut.ovh\/"},{"@type":"ListItem","position":2,"name":"6\u00e8me Stage d&#039;\u00e9t\u00e9 de danse historique"}]},{"@type":"WebSite","@id":"https:\/\/chestnut.ovh\/#website","url":"https:\/\/chestnut.ovh\/","name":"Chestnut","description":"English Country Dancing & Danses anciennes de l&#039;\u00e9poque des Stuarts .... et des romans de Jane Austen !","potentialAction":[{"@type":"SearchAction","target":{"@type":"EntryPoint","urlTemplate":"https:\/\/chestnut.ovh\/?s={search_term_string}"},"query-input":"required name=search_term_string"}],"inLanguage":"en-GB"},{"@type":"Person","@id":"https:\/\/chestnut.ovh\/#\/schema\/person\/3815f39cd8e61cd1547e9cf2c7ee270a","name":"CHESTNUT","sameAs":["http:\/\/chestnut.fr"]}]}},"_links":{"self":[{"href":"https:\/\/chestnut.ovh\/en\/wp-json\/wp\/v2\/posts\/9296","targetHints":{"allow":["GET"]}}],"collection":[{"href":"https:\/\/chestnut.ovh\/en\/wp-json\/wp\/v2\/posts"}],"about":[{"href":"https:\/\/chestnut.ovh\/en\/wp-json\/wp\/v2\/types\/post"}],"author":[{"embeddable":true,"href":"https:\/\/chestnut.ovh\/en\/wp-json\/wp\/v2\/users\/8"}],"replies":[{"embeddable":true,"href":"https:\/\/chestnut.ovh\/en\/wp-json\/wp\/v2\/comments?post=9296"}],"version-history":[{"count":26,"href":"https:\/\/chestnut.ovh\/en\/wp-json\/wp\/v2\/posts\/9296\/revisions"}],"predecessor-version":[{"id":9660,"href":"https:\/\/chestnut.ovh\/en\/wp-json\/wp\/v2\/posts\/9296\/revisions\/9660"}],"wp:attachment":[{"href":"https:\/\/chestnut.ovh\/en\/wp-json\/wp\/v2\/media?parent=9296"}],"wp:term":[{"taxonomy":"category","embeddable":true,"href":"https:\/\/chestnut.ovh\/en\/wp-json\/wp\/v2\/categories?post=9296"},{"taxonomy":"post_tag","embeddable":true,"href":"https:\/\/chestnut.ovh\/en\/wp-json\/wp\/v2\/tags?post=9296"}],"curies":[{"name":"wp","href":"https:\/\/api.w.org\/{rel}","templated":true}]}}